{"id":6267,"date":"2015-06-05T09:51:41","date_gmt":"2015-06-05T09:51:41","guid":{"rendered":"http:\/\/tena.flybcndesign.com\/espanol-entrevista-ausias-cebolla\/"},"modified":"2024-02-20T23:07:15","modified_gmt":"2024-02-20T23:07:15","slug":"entrevista-ausias-cebolla","status":"publish","type":"post","link":"https:\/\/www.gabinetpsicologictena.com\/es\/blog\/entrevista-ausias-cebolla\/","title":{"rendered":"Entrevista a Ausi\u00e0s Cebolla"},"content":{"rendered":"<p>En \u00e9ste post encontrar\u00e9is un art\u00edculo de Ausi\u00e0s Cebolla, psic\u00f3logo experto en\u00a0<em>Mindfulness.<\/em><\/p>\n<p><a href=\"http:\/\/ujiapps.uji.es\/com\/revista\/base\/2015\/04\/23\/noticiesuji\/2j\/\">\u00abLa gente feliz lo es porque vive atenta al momento presente\u00bb<\/a><\/p>\n<p><img decoding=\"async\" src=\"http:\/\/fotos02.levante-emv.com\/2015\/04\/22\/646x260\/ultima.jpg\" alt=\"\" \/><\/p>\n","protected":false},"excerpt":{"rendered":"<p>En \u00e9ste post encontrar\u00e9is un art\u00edculo de Ausi\u00e0s Cebolla, psic\u00f3logo experto en\u00a0Mindfulness. \u00abLa gente feliz lo es porque vive atenta al momento presente\u00bb<\/p>\n","protected":false},"author":4,"featured_media":0,"comment_status":"closed","ping_status":"closed","sticky":false,"template":"","format":"standard","meta":{"footnotes":""},"categories":[73],"tags":[],"class_list":["post-6267","post","type-post","status-publish","format-standard","hentry","category-blog"],"yoast_head":"<!-- This site is optimized with the Yoast SEO plugin v27.4 - https:\/\/yoast.com\/product\/yoast-seo-wordpress\/ -->\n<title>Entrevista a Ausi\u00e0s Cebolla - Gabinet Psicol\u00f2gic Tena<\/title>\n<meta name=\"robots\" content=\"index, follow, max-snippet:-1, max-image-preview:large, max-video-preview:-1\" \/>\n<link rel=\"canonical\" href=\"https:\/\/www.gabinetpsicologictena.com\/es\/blog\/entrevista-ausias-cebolla\/\" \/>\n<meta property=\"og:locale\" content=\"es_ES\" \/>\n<meta property=\"og:type\" content=\"article\" \/>\n<meta property=\"og:title\" content=\"Entrevista a Ausi\u00e0s Cebolla - Gabinet Psicol\u00f2gic Tena\" \/>\n<meta property=\"og:description\" content=\"En \u00e9ste post encontrar\u00e9is un art\u00edculo de Ausi\u00e0s Cebolla, psic\u00f3logo experto en\u00a0Mindfulness. \u00abLa gente feliz lo es porque vive atenta al momento presente\u00bb\" \/>\n<meta property=\"og:url\" content=\"https:\/\/www.gabinetpsicologictena.com\/es\/blog\/entrevista-ausias-cebolla\/\" \/>\n<meta property=\"og:site_name\" content=\"Gabinet Psicol\u00f2gic Tena\" \/>\n<meta property=\"article:published_time\" content=\"2015-06-05T09:51:41+00:00\" \/>\n<meta property=\"article:modified_time\" content=\"2024-02-20T23:07:15+00:00\" \/>\n<meta property=\"og:image\" content=\"http:\/\/fotos02.levante-emv.com\/2015\/04\/22\/646x260\/ultima.jpg\" \/>\n<meta name=\"author\" content=\"raquelcm\" \/>\n<meta name=\"twitter:card\" content=\"summary_large_image\" \/>\n<meta name=\"twitter:label1\" content=\"Escrito por\" \/>\n\t<meta name=\"twitter:data1\" content=\"raquelcm\" \/>\n\t<meta name=\"twitter:label2\" content=\"Tiempo de lectura\" \/>\n\t<meta name=\"twitter:data2\" content=\"1 minuto\" \/>\n<script type=\"application\/ld+json\" class=\"yoast-schema-graph\">{\"@context\":\"https:\\\/\\\/schema.org\",\"@graph\":[{\"@type\":\"Article\",\"@id\":\"https:\\\/\\\/www.gabinetpsicologictena.com\\\/es\\\/blog\\\/entrevista-ausias-cebolla\\\/#article\",\"isPartOf\":{\"@id\":\"https:\\\/\\\/www.gabinetpsicologictena.com\\\/es\\\/blog\\\/entrevista-ausias-cebolla\\\/\"},\"author\":{\"name\":\"raquelcm\",\"@id\":\"https:\\\/\\\/www.gabinetpsicologictena.com\\\/#\\\/schema\\\/person\\\/770be472af9fa4fd9992e1246d05e925\"},\"headline\":\"Entrevista a Ausi\u00e0s Cebolla\",\"datePublished\":\"2015-06-05T09:51:41+00:00\",\"dateModified\":\"2024-02-20T23:07:15+00:00\",\"mainEntityOfPage\":{\"@id\":\"https:\\\/\\\/www.gabinetpsicologictena.com\\\/es\\\/blog\\\/entrevista-ausias-cebolla\\\/\"},\"wordCount\":33,\"publisher\":{\"@id\":\"https:\\\/\\\/www.gabinetpsicologictena.com\\\/#organization\"},\"image\":{\"@id\":\"https:\\\/\\\/www.gabinetpsicologictena.com\\\/es\\\/blog\\\/entrevista-ausias-cebolla\\\/#primaryimage\"},\"thumbnailUrl\":\"http:\\\/\\\/fotos02.levante-emv.com\\\/2015\\\/04\\\/22\\\/646x260\\\/ultima.jpg\",\"articleSection\":[\"Blog\"],\"inLanguage\":\"es\"},{\"@type\":\"WebPage\",\"@id\":\"https:\\\/\\\/www.gabinetpsicologictena.com\\\/es\\\/blog\\\/entrevista-ausias-cebolla\\\/\",\"url\":\"https:\\\/\\\/www.gabinetpsicologictena.com\\\/es\\\/blog\\\/entrevista-ausias-cebolla\\\/\",\"name\":\"Entrevista a Ausi\u00e0s Cebolla - Gabinet Psicol\u00f2gic Tena\",\"isPartOf\":{\"@id\":\"https:\\\/\\\/www.gabinetpsicologictena.com\\\/#website\"},\"primaryImageOfPage\":{\"@id\":\"https:\\\/\\\/www.gabinetpsicologictena.com\\\/es\\\/blog\\\/entrevista-ausias-cebolla\\\/#primaryimage\"},\"image\":{\"@id\":\"https:\\\/\\\/www.gabinetpsicologictena.com\\\/es\\\/blog\\\/entrevista-ausias-cebolla\\\/#primaryimage\"},\"thumbnailUrl\":\"http:\\\/\\\/fotos02.levante-emv.com\\\/2015\\\/04\\\/22\\\/646x260\\\/ultima.jpg\",\"datePublished\":\"2015-06-05T09:51:41+00:00\",\"dateModified\":\"2024-02-20T23:07:15+00:00\",\"inLanguage\":\"es\",\"potentialAction\":[{\"@type\":\"ReadAction\",\"target\":[\"https:\\\/\\\/www.gabinetpsicologictena.com\\\/es\\\/blog\\\/entrevista-ausias-cebolla\\\/\"]}]},{\"@type\":\"ImageObject\",\"inLanguage\":\"es\",\"@id\":\"https:\\\/\\\/www.gabinetpsicologictena.com\\\/es\\\/blog\\\/entrevista-ausias-cebolla\\\/#primaryimage\",\"url\":\"http:\\\/\\\/fotos02.levante-emv.com\\\/2015\\\/04\\\/22\\\/646x260\\\/ultima.jpg\",\"contentUrl\":\"http:\\\/\\\/fotos02.levante-emv.com\\\/2015\\\/04\\\/22\\\/646x260\\\/ultima.jpg\"},{\"@type\":\"WebSite\",\"@id\":\"https:\\\/\\\/www.gabinetpsicologictena.com\\\/#website\",\"url\":\"https:\\\/\\\/www.gabinetpsicologictena.com\\\/\",\"name\":\"Gabinet Psicol\u00f2gic Tena\",\"description\":\"Centre Psicol\u00f2gic a Esplugues de Llobregat\",\"publisher\":{\"@id\":\"https:\\\/\\\/www.gabinetpsicologictena.com\\\/#organization\"},\"potentialAction\":[{\"@type\":\"SearchAction\",\"target\":{\"@type\":\"EntryPoint\",\"urlTemplate\":\"https:\\\/\\\/www.gabinetpsicologictena.com\\\/?s={search_term_string}\"},\"query-input\":{\"@type\":\"PropertyValueSpecification\",\"valueRequired\":true,\"valueName\":\"search_term_string\"}}],\"inLanguage\":\"es\"},{\"@type\":\"Organization\",\"@id\":\"https:\\\/\\\/www.gabinetpsicologictena.com\\\/#organization\",\"name\":\"Gabinet Psicol\u00f2gic Tena\",\"url\":\"https:\\\/\\\/www.gabinetpsicologictena.com\\\/\",\"logo\":{\"@type\":\"ImageObject\",\"inLanguage\":\"es\",\"@id\":\"https:\\\/\\\/www.gabinetpsicologictena.com\\\/#\\\/schema\\\/logo\\\/image\\\/\",\"url\":\"https:\\\/\\\/www.gabinetpsicologictena.com\\\/wp-content\\\/uploads\\\/2021\\\/04\\\/logo-gabinet-psicologic-tena-no-ok-rectangular2.png\",\"contentUrl\":\"https:\\\/\\\/www.gabinetpsicologictena.com\\\/wp-content\\\/uploads\\\/2021\\\/04\\\/logo-gabinet-psicologic-tena-no-ok-rectangular2.png\",\"width\":500,\"height\":197,\"caption\":\"Gabinet Psicol\u00f2gic Tena\"},\"image\":{\"@id\":\"https:\\\/\\\/www.gabinetpsicologictena.com\\\/#\\\/schema\\\/logo\\\/image\\\/\"}},{\"@type\":\"Person\",\"@id\":\"https:\\\/\\\/www.gabinetpsicologictena.com\\\/#\\\/schema\\\/person\\\/770be472af9fa4fd9992e1246d05e925\",\"name\":\"raquelcm\",\"image\":{\"@type\":\"ImageObject\",\"inLanguage\":\"es\",\"@id\":\"https:\\\/\\\/secure.gravatar.com\\\/avatar\\\/4ce499983301ee7827188b3e5a432b57f74b92f15ac8e31c67aaec060eabed5b?s=96&d=mm&r=g\",\"url\":\"https:\\\/\\\/secure.gravatar.com\\\/avatar\\\/4ce499983301ee7827188b3e5a432b57f74b92f15ac8e31c67aaec060eabed5b?s=96&d=mm&r=g\",\"contentUrl\":\"https:\\\/\\\/secure.gravatar.com\\\/avatar\\\/4ce499983301ee7827188b3e5a432b57f74b92f15ac8e31c67aaec060eabed5b?s=96&d=mm&r=g\",\"caption\":\"raquelcm\"},\"url\":\"https:\\\/\\\/www.gabinetpsicologictena.com\\\/es\\\/author\\\/raquelcm\\\/\"}]}<\/script>\n<!-- \/ Yoast SEO plugin. -->","yoast_head_json":{"title":"Entrevista a Ausi\u00e0s Cebolla - Gabinet Psicol\u00f2gic Tena","robots":{"index":"index","follow":"follow","max-snippet":"max-snippet:-1","max-image-preview":"max-image-preview:large","max-video-preview":"max-video-preview:-1"},"canonical":"https:\/\/www.gabinetpsicologictena.com\/es\/blog\/entrevista-ausias-cebolla\/","og_locale":"es_ES","og_type":"article","og_title":"Entrevista a Ausi\u00e0s Cebolla - Gabinet Psicol\u00f2gic Tena","og_description":"En \u00e9ste post encontrar\u00e9is un art\u00edculo de Ausi\u00e0s Cebolla, psic\u00f3logo experto en\u00a0Mindfulness. \u00abLa gente feliz lo es porque vive atenta al momento presente\u00bb","og_url":"https:\/\/www.gabinetpsicologictena.com\/es\/blog\/entrevista-ausias-cebolla\/","og_site_name":"Gabinet Psicol\u00f2gic Tena","article_published_time":"2015-06-05T09:51:41+00:00","article_modified_time":"2024-02-20T23:07:15+00:00","og_image":[{"url":"http:\/\/fotos02.levante-emv.com\/2015\/04\/22\/646x260\/ultima.jpg","type":"","width":"","height":""}],"author":"raquelcm","twitter_card":"summary_large_image","twitter_misc":{"Escrito por":"raquelcm","Tiempo de lectura":"1 minuto"},"schema":{"@context":"https:\/\/schema.org","@graph":[{"@type":"Article","@id":"https:\/\/www.gabinetpsicologictena.com\/es\/blog\/entrevista-ausias-cebolla\/#article","isPartOf":{"@id":"https:\/\/www.gabinetpsicologictena.com\/es\/blog\/entrevista-ausias-cebolla\/"},"author":{"name":"raquelcm","@id":"https:\/\/www.gabinetpsicologictena.com\/#\/schema\/person\/770be472af9fa4fd9992e1246d05e925"},"headline":"Entrevista a Ausi\u00e0s Cebolla","datePublished":"2015-06-05T09:51:41+00:00","dateModified":"2024-02-20T23:07:15+00:00","mainEntityOfPage":{"@id":"https:\/\/www.gabinetpsicologictena.com\/es\/blog\/entrevista-ausias-cebolla\/"},"wordCount":33,"publisher":{"@id":"https:\/\/www.gabinetpsicologictena.com\/#organization"},"image":{"@id":"https:\/\/www.gabinetpsicologictena.com\/es\/blog\/entrevista-ausias-cebolla\/#primaryimage"},"thumbnailUrl":"http:\/\/fotos02.levante-emv.com\/2015\/04\/22\/646x260\/ultima.jpg","articleSection":["Blog"],"inLanguage":"es"},{"@type":"WebPage","@id":"https:\/\/www.gabinetpsicologictena.com\/es\/blog\/entrevista-ausias-cebolla\/","url":"https:\/\/www.gabinetpsicologictena.com\/es\/blog\/entrevista-ausias-cebolla\/","name":"Entrevista a Ausi\u00e0s Cebolla - Gabinet Psicol\u00f2gic Tena","isPartOf":{"@id":"https:\/\/www.gabinetpsicologictena.com\/#website"},"primaryImageOfPage":{"@id":"https:\/\/www.gabinetpsicologictena.com\/es\/blog\/entrevista-ausias-cebolla\/#primaryimage"},"image":{"@id":"https:\/\/www.gabinetpsicologictena.com\/es\/blog\/entrevista-ausias-cebolla\/#primaryimage"},"thumbnailUrl":"http:\/\/fotos02.levante-emv.com\/2015\/04\/22\/646x260\/ultima.jpg","datePublished":"2015-06-05T09:51:41+00:00","dateModified":"2024-02-20T23:07:15+00:00","inLanguage":"es","potentialAction":[{"@type":"ReadAction","target":["https:\/\/www.gabinetpsicologictena.com\/es\/blog\/entrevista-ausias-cebolla\/"]}]},{"@type":"ImageObject","inLanguage":"es","@id":"https:\/\/www.gabinetpsicologictena.com\/es\/blog\/entrevista-ausias-cebolla\/#primaryimage","url":"http:\/\/fotos02.levante-emv.com\/2015\/04\/22\/646x260\/ultima.jpg","contentUrl":"http:\/\/fotos02.levante-emv.com\/2015\/04\/22\/646x260\/ultima.jpg"},{"@type":"WebSite","@id":"https:\/\/www.gabinetpsicologictena.com\/#website","url":"https:\/\/www.gabinetpsicologictena.com\/","name":"Gabinet Psicol\u00f2gic Tena","description":"Centre Psicol\u00f2gic a Esplugues de Llobregat","publisher":{"@id":"https:\/\/www.gabinetpsicologictena.com\/#organization"},"potentialAction":[{"@type":"SearchAction","target":{"@type":"EntryPoint","urlTemplate":"https:\/\/www.gabinetpsicologictena.com\/?s={search_term_string}"},"query-input":{"@type":"PropertyValueSpecification","valueRequired":true,"valueName":"search_term_string"}}],"inLanguage":"es"},{"@type":"Organization","@id":"https:\/\/www.gabinetpsicologictena.com\/#organization","name":"Gabinet Psicol\u00f2gic Tena","url":"https:\/\/www.gabinetpsicologictena.com\/","logo":{"@type":"ImageObject","inLanguage":"es","@id":"https:\/\/www.gabinetpsicologictena.com\/#\/schema\/logo\/image\/","url":"https:\/\/www.gabinetpsicologictena.com\/wp-content\/uploads\/2021\/04\/logo-gabinet-psicologic-tena-no-ok-rectangular2.png","contentUrl":"https:\/\/www.gabinetpsicologictena.com\/wp-content\/uploads\/2021\/04\/logo-gabinet-psicologic-tena-no-ok-rectangular2.png","width":500,"height":197,"caption":"Gabinet Psicol\u00f2gic Tena"},"image":{"@id":"https:\/\/www.gabinetpsicologictena.com\/#\/schema\/logo\/image\/"}},{"@type":"Person","@id":"https:\/\/www.gabinetpsicologictena.com\/#\/schema\/person\/770be472af9fa4fd9992e1246d05e925","name":"raquelcm","image":{"@type":"ImageObject","inLanguage":"es","@id":"https:\/\/secure.gravatar.com\/avatar\/4ce499983301ee7827188b3e5a432b57f74b92f15ac8e31c67aaec060eabed5b?s=96&d=mm&r=g","url":"https:\/\/secure.gravatar.com\/avatar\/4ce499983301ee7827188b3e5a432b57f74b92f15ac8e31c67aaec060eabed5b?s=96&d=mm&r=g","contentUrl":"https:\/\/secure.gravatar.com\/avatar\/4ce499983301ee7827188b3e5a432b57f74b92f15ac8e31c67aaec060eabed5b?s=96&d=mm&r=g","caption":"raquelcm"},"url":"https:\/\/www.gabinetpsicologictena.com\/es\/author\/raquelcm\/"}]}},"_links":{"self":[{"href":"https:\/\/www.gabinetpsicologictena.com\/es\/wp-json\/wp\/v2\/posts\/6267","targetHints":{"allow":["GET"]}}],"collection":[{"href":"https:\/\/www.gabinetpsicologictena.com\/es\/wp-json\/wp\/v2\/posts"}],"about":[{"href":"https:\/\/www.gabinetpsicologictena.com\/es\/wp-json\/wp\/v2\/types\/post"}],"author":[{"embeddable":true,"href":"https:\/\/www.gabinetpsicologictena.com\/es\/wp-json\/wp\/v2\/users\/4"}],"replies":[{"embeddable":true,"href":"https:\/\/www.gabinetpsicologictena.com\/es\/wp-json\/wp\/v2\/comments?post=6267"}],"version-history":[{"count":1,"href":"https:\/\/www.gabinetpsicologictena.com\/es\/wp-json\/wp\/v2\/posts\/6267\/revisions"}],"predecessor-version":[{"id":6268,"href":"https:\/\/www.gabinetpsicologictena.com\/es\/wp-json\/wp\/v2\/posts\/6267\/revisions\/6268"}],"wp:attachment":[{"href":"https:\/\/www.gabinetpsicologictena.com\/es\/wp-json\/wp\/v2\/media?parent=6267"}],"wp:term":[{"taxonomy":"category","embeddable":true,"href":"https:\/\/www.gabinetpsicologictena.com\/es\/wp-json\/wp\/v2\/categories?post=6267"},{"taxonomy":"post_tag","embeddable":true,"href":"https:\/\/www.gabinetpsicologictena.com\/es\/wp-json\/wp\/v2\/tags?post=6267"}],"curies":[{"name":"wp","href":"https:\/\/api.w.org\/{rel}","templated":true}]}}