{"id":6143,"date":"2016-11-10T14:06:26","date_gmt":"2016-11-10T14:06:26","guid":{"rendered":"http:\/\/tena.flybcndesign.com\/marta-tena-intervindra-en-el-congres-de-prevencio-i-atencio-del-peu-en-el-pacient-diabetic\/"},"modified":"2024-02-20T23:03:01","modified_gmt":"2024-02-20T23:03:01","slug":"marta-tena-intervino-como-ponente-en-el-congreso-de-prevencion-y-atencion-del-pie-en-el-paciente-diabetico","status":"publish","type":"post","link":"https:\/\/www.gabinetpsicologictena.com\/es\/blog\/marta-tena-intervino-como-ponente-en-el-congreso-de-prevencion-y-atencion-del-pie-en-el-paciente-diabetico\/","title":{"rendered":"Marta Tena intervino como ponente en el \u201cCongreso de prevenci\u00f3n y atenci\u00f3n del pie en el paciente diab\u00e9tico\u201d"},"content":{"rendered":"<p><a href=\"http:\/\/gabinetpsicologictena.com\/wp-content\/uploads\/2016\/11\/file-page1.jpg\"><img loading=\"lazy\" decoding=\"async\" class=\"alignnone size-full wp-image-1879\" src=\"http:\/\/gabinetpsicologictena.com\/wp-content\/uploads\/2016\/11\/file-page1.jpg\" alt=\"file-page1\" width=\"3508\" height=\"2479\" \/><\/a><a href=\"http:\/\/gabinetpsicologictena.com\/wp-content\/uploads\/2016\/11\/file-page2.jpg\"><img loading=\"lazy\" decoding=\"async\" class=\"alignnone size-full wp-image-1880\" src=\"http:\/\/gabinetpsicologictena.com\/wp-content\/uploads\/2016\/11\/file-page2.jpg\" alt=\"file-page2\" width=\"3508\" height=\"2479\" \/><\/a><\/p>\n","protected":false},"excerpt":{"rendered":"","protected":false},"author":4,"featured_media":6145,"comment_status":"closed","ping_status":"closed","sticky":false,"template":"","format":"standard","meta":{"footnotes":""},"categories":[73],"tags":[],"class_list":["post-6143","post","type-post","status-publish","format-standard","has-post-thumbnail","hentry","category-blog"],"yoast_head":"<!-- This site is optimized with the Yoast SEO plugin v27.4 - https:\/\/yoast.com\/product\/yoast-seo-wordpress\/ -->\n<title>Marta Tena intervino como ponente en el \u201cCongreso de prevenci\u00f3n y atenci\u00f3n del pie en el paciente diab\u00e9tico\u201d - Gabinet Psicol\u00f2gic Tena<\/title>\n<meta name=\"description\" content=\"{:ca}Encontraras aqu\u00ed el contingut de el &quot;Congr\u00e9s de prevenci\u00f3 i atenci\u00f3 del peu en el pacient diab\u00e8tic&quot; {:}\" \/>\n<meta name=\"robots\" content=\"index, follow, max-snippet:-1, max-image-preview:large, max-video-preview:-1\" \/>\n<link rel=\"canonical\" href=\"https:\/\/www.gabinetpsicologictena.com\/es\/blog\/marta-tena-intervino-como-ponente-en-el-congreso-de-prevencion-y-atencion-del-pie-en-el-paciente-diabetico\/\" \/>\n<meta property=\"og:locale\" content=\"es_ES\" \/>\n<meta property=\"og:type\" content=\"article\" \/>\n<meta property=\"og:title\" content=\"Marta Tena intervino como ponente en el \u201cCongreso de prevenci\u00f3n y atenci\u00f3n del pie en el paciente diab\u00e9tico\u201d - Gabinet Psicol\u00f2gic Tena\" \/>\n<meta property=\"og:description\" content=\"{:ca}Encontraras aqu\u00ed el contingut de el &quot;Congr\u00e9s de prevenci\u00f3 i atenci\u00f3 del peu en el pacient diab\u00e8tic&quot; {:}\" \/>\n<meta property=\"og:url\" content=\"https:\/\/www.gabinetpsicologictena.com\/es\/blog\/marta-tena-intervino-como-ponente-en-el-congreso-de-prevencion-y-atencion-del-pie-en-el-paciente-diabetico\/\" \/>\n<meta property=\"og:site_name\" content=\"Gabinet Psicol\u00f2gic Tena\" \/>\n<meta property=\"article:published_time\" content=\"2016-11-10T14:06:26+00:00\" \/>\n<meta property=\"article:modified_time\" content=\"2024-02-20T23:03:01+00:00\" \/>\n<meta property=\"og:image\" content=\"https:\/\/www.gabinetpsicologictena.com\/wp-content\/uploads\/2016\/11\/file-page1-scaled.jpg\" \/>\n\t<meta property=\"og:image:width\" content=\"2560\" \/>\n\t<meta property=\"og:image:height\" content=\"1809\" \/>\n\t<meta property=\"og:image:type\" content=\"image\/jpeg\" \/>\n<meta name=\"author\" content=\"raquelcm\" \/>\n<meta name=\"twitter:card\" content=\"summary_large_image\" \/>\n<meta name=\"twitter:label1\" content=\"Escrito por\" \/>\n\t<meta name=\"twitter:data1\" content=\"raquelcm\" \/>\n\t<meta name=\"twitter:label2\" content=\"Tiempo de lectura\" \/>\n\t<meta name=\"twitter:data2\" content=\"1 minuto\" \/>\n<script type=\"application\/ld+json\" class=\"yoast-schema-graph\">{\"@context\":\"https:\\\/\\\/schema.org\",\"@graph\":[{\"@type\":\"Article\",\"@id\":\"https:\\\/\\\/www.gabinetpsicologictena.com\\\/es\\\/blog\\\/marta-tena-intervino-como-ponente-en-el-congreso-de-prevencion-y-atencion-del-pie-en-el-paciente-diabetico\\\/#article\",\"isPartOf\":{\"@id\":\"https:\\\/\\\/www.gabinetpsicologictena.com\\\/es\\\/blog\\\/marta-tena-intervino-como-ponente-en-el-congreso-de-prevencion-y-atencion-del-pie-en-el-paciente-diabetico\\\/\"},\"author\":{\"name\":\"raquelcm\",\"@id\":\"https:\\\/\\\/www.gabinetpsicologictena.com\\\/#\\\/schema\\\/person\\\/770be472af9fa4fd9992e1246d05e925\"},\"headline\":\"Marta Tena intervino como ponente en el \u201cCongreso de prevenci\u00f3n y atenci\u00f3n del pie en el paciente diab\u00e9tico\u201d\",\"datePublished\":\"2016-11-10T14:06:26+00:00\",\"dateModified\":\"2024-02-20T23:03:01+00:00\",\"mainEntityOfPage\":{\"@id\":\"https:\\\/\\\/www.gabinetpsicologictena.com\\\/es\\\/blog\\\/marta-tena-intervino-como-ponente-en-el-congreso-de-prevencion-y-atencion-del-pie-en-el-paciente-diabetico\\\/\"},\"wordCount\":21,\"publisher\":{\"@id\":\"https:\\\/\\\/www.gabinetpsicologictena.com\\\/#organization\"},\"image\":{\"@id\":\"https:\\\/\\\/www.gabinetpsicologictena.com\\\/es\\\/blog\\\/marta-tena-intervino-como-ponente-en-el-congreso-de-prevencion-y-atencion-del-pie-en-el-paciente-diabetico\\\/#primaryimage\"},\"thumbnailUrl\":\"https:\\\/\\\/www.gabinetpsicologictena.com\\\/wp-content\\\/uploads\\\/2016\\\/11\\\/file-page1-scaled.jpg\",\"articleSection\":[\"Blog\"],\"inLanguage\":\"es\"},{\"@type\":\"WebPage\",\"@id\":\"https:\\\/\\\/www.gabinetpsicologictena.com\\\/es\\\/blog\\\/marta-tena-intervino-como-ponente-en-el-congreso-de-prevencion-y-atencion-del-pie-en-el-paciente-diabetico\\\/\",\"url\":\"https:\\\/\\\/www.gabinetpsicologictena.com\\\/es\\\/blog\\\/marta-tena-intervino-como-ponente-en-el-congreso-de-prevencion-y-atencion-del-pie-en-el-paciente-diabetico\\\/\",\"name\":\"Marta Tena intervino como ponente en el \u201cCongreso de prevenci\u00f3n y atenci\u00f3n del pie en el paciente diab\u00e9tico\u201d - Gabinet Psicol\u00f2gic Tena\",\"isPartOf\":{\"@id\":\"https:\\\/\\\/www.gabinetpsicologictena.com\\\/#website\"},\"primaryImageOfPage\":{\"@id\":\"https:\\\/\\\/www.gabinetpsicologictena.com\\\/es\\\/blog\\\/marta-tena-intervino-como-ponente-en-el-congreso-de-prevencion-y-atencion-del-pie-en-el-paciente-diabetico\\\/#primaryimage\"},\"image\":{\"@id\":\"https:\\\/\\\/www.gabinetpsicologictena.com\\\/es\\\/blog\\\/marta-tena-intervino-como-ponente-en-el-congreso-de-prevencion-y-atencion-del-pie-en-el-paciente-diabetico\\\/#primaryimage\"},\"thumbnailUrl\":\"https:\\\/\\\/www.gabinetpsicologictena.com\\\/wp-content\\\/uploads\\\/2016\\\/11\\\/file-page1-scaled.jpg\",\"datePublished\":\"2016-11-10T14:06:26+00:00\",\"dateModified\":\"2024-02-20T23:03:01+00:00\",\"description\":\"{:ca}Encontraras aqu\u00ed el contingut de el \\\"Congr\u00e9s de prevenci\u00f3 i atenci\u00f3 del peu en el pacient diab\u00e8tic\\\" {:}\",\"inLanguage\":\"es\",\"potentialAction\":[{\"@type\":\"ReadAction\",\"target\":[\"https:\\\/\\\/www.gabinetpsicologictena.com\\\/es\\\/blog\\\/marta-tena-intervino-como-ponente-en-el-congreso-de-prevencion-y-atencion-del-pie-en-el-paciente-diabetico\\\/\"]}]},{\"@type\":\"ImageObject\",\"inLanguage\":\"es\",\"@id\":\"https:\\\/\\\/www.gabinetpsicologictena.com\\\/es\\\/blog\\\/marta-tena-intervino-como-ponente-en-el-congreso-de-prevencion-y-atencion-del-pie-en-el-paciente-diabetico\\\/#primaryimage\",\"url\":\"https:\\\/\\\/www.gabinetpsicologictena.com\\\/wp-content\\\/uploads\\\/2016\\\/11\\\/file-page1-scaled.jpg\",\"contentUrl\":\"https:\\\/\\\/www.gabinetpsicologictena.com\\\/wp-content\\\/uploads\\\/2016\\\/11\\\/file-page1-scaled.jpg\",\"width\":2560,\"height\":1809},{\"@type\":\"WebSite\",\"@id\":\"https:\\\/\\\/www.gabinetpsicologictena.com\\\/#website\",\"url\":\"https:\\\/\\\/www.gabinetpsicologictena.com\\\/\",\"name\":\"Gabinet Psicol\u00f2gic Tena\",\"description\":\"Centre Psicol\u00f2gic a Esplugues de Llobregat\",\"publisher\":{\"@id\":\"https:\\\/\\\/www.gabinetpsicologictena.com\\\/#organization\"},\"potentialAction\":[{\"@type\":\"SearchAction\",\"target\":{\"@type\":\"EntryPoint\",\"urlTemplate\":\"https:\\\/\\\/www.gabinetpsicologictena.com\\\/?s={search_term_string}\"},\"query-input\":{\"@type\":\"PropertyValueSpecification\",\"valueRequired\":true,\"valueName\":\"search_term_string\"}}],\"inLanguage\":\"es\"},{\"@type\":\"Organization\",\"@id\":\"https:\\\/\\\/www.gabinetpsicologictena.com\\\/#organization\",\"name\":\"Gabinet Psicol\u00f2gic Tena\",\"url\":\"https:\\\/\\\/www.gabinetpsicologictena.com\\\/\",\"logo\":{\"@type\":\"ImageObject\",\"inLanguage\":\"es\",\"@id\":\"https:\\\/\\\/www.gabinetpsicologictena.com\\\/#\\\/schema\\\/logo\\\/image\\\/\",\"url\":\"https:\\\/\\\/www.gabinetpsicologictena.com\\\/wp-content\\\/uploads\\\/2021\\\/04\\\/logo-gabinet-psicologic-tena-no-ok-rectangular2.png\",\"contentUrl\":\"https:\\\/\\\/www.gabinetpsicologictena.com\\\/wp-content\\\/uploads\\\/2021\\\/04\\\/logo-gabinet-psicologic-tena-no-ok-rectangular2.png\",\"width\":500,\"height\":197,\"caption\":\"Gabinet Psicol\u00f2gic Tena\"},\"image\":{\"@id\":\"https:\\\/\\\/www.gabinetpsicologictena.com\\\/#\\\/schema\\\/logo\\\/image\\\/\"}},{\"@type\":\"Person\",\"@id\":\"https:\\\/\\\/www.gabinetpsicologictena.com\\\/#\\\/schema\\\/person\\\/770be472af9fa4fd9992e1246d05e925\",\"name\":\"raquelcm\",\"image\":{\"@type\":\"ImageObject\",\"inLanguage\":\"es\",\"@id\":\"https:\\\/\\\/secure.gravatar.com\\\/avatar\\\/4ce499983301ee7827188b3e5a432b57f74b92f15ac8e31c67aaec060eabed5b?s=96&d=mm&r=g\",\"url\":\"https:\\\/\\\/secure.gravatar.com\\\/avatar\\\/4ce499983301ee7827188b3e5a432b57f74b92f15ac8e31c67aaec060eabed5b?s=96&d=mm&r=g\",\"contentUrl\":\"https:\\\/\\\/secure.gravatar.com\\\/avatar\\\/4ce499983301ee7827188b3e5a432b57f74b92f15ac8e31c67aaec060eabed5b?s=96&d=mm&r=g\",\"caption\":\"raquelcm\"},\"url\":\"https:\\\/\\\/www.gabinetpsicologictena.com\\\/es\\\/author\\\/raquelcm\\\/\"}]}<\/script>\n<!-- \/ Yoast SEO plugin. -->","yoast_head_json":{"title":"Marta Tena intervino como ponente en el \u201cCongreso de prevenci\u00f3n y atenci\u00f3n del pie en el paciente diab\u00e9tico\u201d - Gabinet Psicol\u00f2gic Tena","description":"{:ca}Encontraras aqu\u00ed el contingut de el \"Congr\u00e9s de prevenci\u00f3 i atenci\u00f3 del peu en el pacient diab\u00e8tic\" {:}","robots":{"index":"index","follow":"follow","max-snippet":"max-snippet:-1","max-image-preview":"max-image-preview:large","max-video-preview":"max-video-preview:-1"},"canonical":"https:\/\/www.gabinetpsicologictena.com\/es\/blog\/marta-tena-intervino-como-ponente-en-el-congreso-de-prevencion-y-atencion-del-pie-en-el-paciente-diabetico\/","og_locale":"es_ES","og_type":"article","og_title":"Marta Tena intervino como ponente en el \u201cCongreso de prevenci\u00f3n y atenci\u00f3n del pie en el paciente diab\u00e9tico\u201d - Gabinet Psicol\u00f2gic Tena","og_description":"{:ca}Encontraras aqu\u00ed el contingut de el \"Congr\u00e9s de prevenci\u00f3 i atenci\u00f3 del peu en el pacient diab\u00e8tic\" {:}","og_url":"https:\/\/www.gabinetpsicologictena.com\/es\/blog\/marta-tena-intervino-como-ponente-en-el-congreso-de-prevencion-y-atencion-del-pie-en-el-paciente-diabetico\/","og_site_name":"Gabinet Psicol\u00f2gic Tena","article_published_time":"2016-11-10T14:06:26+00:00","article_modified_time":"2024-02-20T23:03:01+00:00","og_image":[{"width":2560,"height":1809,"url":"https:\/\/www.gabinetpsicologictena.com\/wp-content\/uploads\/2016\/11\/file-page1-scaled.jpg","type":"image\/jpeg"}],"author":"raquelcm","twitter_card":"summary_large_image","twitter_misc":{"Escrito por":"raquelcm","Tiempo de lectura":"1 minuto"},"schema":{"@context":"https:\/\/schema.org","@graph":[{"@type":"Article","@id":"https:\/\/www.gabinetpsicologictena.com\/es\/blog\/marta-tena-intervino-como-ponente-en-el-congreso-de-prevencion-y-atencion-del-pie-en-el-paciente-diabetico\/#article","isPartOf":{"@id":"https:\/\/www.gabinetpsicologictena.com\/es\/blog\/marta-tena-intervino-como-ponente-en-el-congreso-de-prevencion-y-atencion-del-pie-en-el-paciente-diabetico\/"},"author":{"name":"raquelcm","@id":"https:\/\/www.gabinetpsicologictena.com\/#\/schema\/person\/770be472af9fa4fd9992e1246d05e925"},"headline":"Marta Tena intervino como ponente en el \u201cCongreso de prevenci\u00f3n y atenci\u00f3n del pie en el paciente diab\u00e9tico\u201d","datePublished":"2016-11-10T14:06:26+00:00","dateModified":"2024-02-20T23:03:01+00:00","mainEntityOfPage":{"@id":"https:\/\/www.gabinetpsicologictena.com\/es\/blog\/marta-tena-intervino-como-ponente-en-el-congreso-de-prevencion-y-atencion-del-pie-en-el-paciente-diabetico\/"},"wordCount":21,"publisher":{"@id":"https:\/\/www.gabinetpsicologictena.com\/#organization"},"image":{"@id":"https:\/\/www.gabinetpsicologictena.com\/es\/blog\/marta-tena-intervino-como-ponente-en-el-congreso-de-prevencion-y-atencion-del-pie-en-el-paciente-diabetico\/#primaryimage"},"thumbnailUrl":"https:\/\/www.gabinetpsicologictena.com\/wp-content\/uploads\/2016\/11\/file-page1-scaled.jpg","articleSection":["Blog"],"inLanguage":"es"},{"@type":"WebPage","@id":"https:\/\/www.gabinetpsicologictena.com\/es\/blog\/marta-tena-intervino-como-ponente-en-el-congreso-de-prevencion-y-atencion-del-pie-en-el-paciente-diabetico\/","url":"https:\/\/www.gabinetpsicologictena.com\/es\/blog\/marta-tena-intervino-como-ponente-en-el-congreso-de-prevencion-y-atencion-del-pie-en-el-paciente-diabetico\/","name":"Marta Tena intervino como ponente en el \u201cCongreso de prevenci\u00f3n y atenci\u00f3n del pie en el paciente diab\u00e9tico\u201d - Gabinet Psicol\u00f2gic Tena","isPartOf":{"@id":"https:\/\/www.gabinetpsicologictena.com\/#website"},"primaryImageOfPage":{"@id":"https:\/\/www.gabinetpsicologictena.com\/es\/blog\/marta-tena-intervino-como-ponente-en-el-congreso-de-prevencion-y-atencion-del-pie-en-el-paciente-diabetico\/#primaryimage"},"image":{"@id":"https:\/\/www.gabinetpsicologictena.com\/es\/blog\/marta-tena-intervino-como-ponente-en-el-congreso-de-prevencion-y-atencion-del-pie-en-el-paciente-diabetico\/#primaryimage"},"thumbnailUrl":"https:\/\/www.gabinetpsicologictena.com\/wp-content\/uploads\/2016\/11\/file-page1-scaled.jpg","datePublished":"2016-11-10T14:06:26+00:00","dateModified":"2024-02-20T23:03:01+00:00","description":"{:ca}Encontraras aqu\u00ed el contingut de el \"Congr\u00e9s de prevenci\u00f3 i atenci\u00f3 del peu en el pacient diab\u00e8tic\" {:}","inLanguage":"es","potentialAction":[{"@type":"ReadAction","target":["https:\/\/www.gabinetpsicologictena.com\/es\/blog\/marta-tena-intervino-como-ponente-en-el-congreso-de-prevencion-y-atencion-del-pie-en-el-paciente-diabetico\/"]}]},{"@type":"ImageObject","inLanguage":"es","@id":"https:\/\/www.gabinetpsicologictena.com\/es\/blog\/marta-tena-intervino-como-ponente-en-el-congreso-de-prevencion-y-atencion-del-pie-en-el-paciente-diabetico\/#primaryimage","url":"https:\/\/www.gabinetpsicologictena.com\/wp-content\/uploads\/2016\/11\/file-page1-scaled.jpg","contentUrl":"https:\/\/www.gabinetpsicologictena.com\/wp-content\/uploads\/2016\/11\/file-page1-scaled.jpg","width":2560,"height":1809},{"@type":"WebSite","@id":"https:\/\/www.gabinetpsicologictena.com\/#website","url":"https:\/\/www.gabinetpsicologictena.com\/","name":"Gabinet Psicol\u00f2gic Tena","description":"Centre Psicol\u00f2gic a Esplugues de Llobregat","publisher":{"@id":"https:\/\/www.gabinetpsicologictena.com\/#organization"},"potentialAction":[{"@type":"SearchAction","target":{"@type":"EntryPoint","urlTemplate":"https:\/\/www.gabinetpsicologictena.com\/?s={search_term_string}"},"query-input":{"@type":"PropertyValueSpecification","valueRequired":true,"valueName":"search_term_string"}}],"inLanguage":"es"},{"@type":"Organization","@id":"https:\/\/www.gabinetpsicologictena.com\/#organization","name":"Gabinet Psicol\u00f2gic Tena","url":"https:\/\/www.gabinetpsicologictena.com\/","logo":{"@type":"ImageObject","inLanguage":"es","@id":"https:\/\/www.gabinetpsicologictena.com\/#\/schema\/logo\/image\/","url":"https:\/\/www.gabinetpsicologictena.com\/wp-content\/uploads\/2021\/04\/logo-gabinet-psicologic-tena-no-ok-rectangular2.png","contentUrl":"https:\/\/www.gabinetpsicologictena.com\/wp-content\/uploads\/2021\/04\/logo-gabinet-psicologic-tena-no-ok-rectangular2.png","width":500,"height":197,"caption":"Gabinet Psicol\u00f2gic Tena"},"image":{"@id":"https:\/\/www.gabinetpsicologictena.com\/#\/schema\/logo\/image\/"}},{"@type":"Person","@id":"https:\/\/www.gabinetpsicologictena.com\/#\/schema\/person\/770be472af9fa4fd9992e1246d05e925","name":"raquelcm","image":{"@type":"ImageObject","inLanguage":"es","@id":"https:\/\/secure.gravatar.com\/avatar\/4ce499983301ee7827188b3e5a432b57f74b92f15ac8e31c67aaec060eabed5b?s=96&d=mm&r=g","url":"https:\/\/secure.gravatar.com\/avatar\/4ce499983301ee7827188b3e5a432b57f74b92f15ac8e31c67aaec060eabed5b?s=96&d=mm&r=g","contentUrl":"https:\/\/secure.gravatar.com\/avatar\/4ce499983301ee7827188b3e5a432b57f74b92f15ac8e31c67aaec060eabed5b?s=96&d=mm&r=g","caption":"raquelcm"},"url":"https:\/\/www.gabinetpsicologictena.com\/es\/author\/raquelcm\/"}]}},"_links":{"self":[{"href":"https:\/\/www.gabinetpsicologictena.com\/es\/wp-json\/wp\/v2\/posts\/6143","targetHints":{"allow":["GET"]}}],"collection":[{"href":"https:\/\/www.gabinetpsicologictena.com\/es\/wp-json\/wp\/v2\/posts"}],"about":[{"href":"https:\/\/www.gabinetpsicologictena.com\/es\/wp-json\/wp\/v2\/types\/post"}],"author":[{"embeddable":true,"href":"https:\/\/www.gabinetpsicologictena.com\/es\/wp-json\/wp\/v2\/users\/4"}],"replies":[{"embeddable":true,"href":"https:\/\/www.gabinetpsicologictena.com\/es\/wp-json\/wp\/v2\/comments?post=6143"}],"version-history":[{"count":2,"href":"https:\/\/www.gabinetpsicologictena.com\/es\/wp-json\/wp\/v2\/posts\/6143\/revisions"}],"predecessor-version":[{"id":6147,"href":"https:\/\/www.gabinetpsicologictena.com\/es\/wp-json\/wp\/v2\/posts\/6143\/revisions\/6147"}],"wp:featuredmedia":[{"embeddable":true,"href":"https:\/\/www.gabinetpsicologictena.com\/es\/wp-json\/wp\/v2\/media\/6145"}],"wp:attachment":[{"href":"https:\/\/www.gabinetpsicologictena.com\/es\/wp-json\/wp\/v2\/media?parent=6143"}],"wp:term":[{"taxonomy":"category","embeddable":true,"href":"https:\/\/www.gabinetpsicologictena.com\/es\/wp-json\/wp\/v2\/categories?post=6143"},{"taxonomy":"post_tag","embeddable":true,"href":"https:\/\/www.gabinetpsicologictena.com\/es\/wp-json\/wp\/v2\/tags?post=6143"}],"curies":[{"name":"wp","href":"https:\/\/api.w.org\/{rel}","templated":true}]}}